{"id":67812,"date":"2018-10-03T16:19:20","date_gmt":"2018-10-03T16:19:20","guid":{"rendered":"http:\/\/www.colegiodesafio.net\/home\/?p=67812"},"modified":"2018-10-03T16:19:20","modified_gmt":"2018-10-03T16:19:20","slug":"nao-havera-aula-de-danca-do-ventre-no-dia-0810-segunda-feira","status":"publish","type":"post","link":"https:\/\/www.colegiodesafio.net\/home\/nao-havera-aula-de-danca-do-ventre-no-dia-0810-segunda-feira\/","title":{"rendered":"N\u00e3o haver\u00e1 aula de Dan\u00e7a do Ventre no dia 08\/10 (segunda-feira)"},"content":{"rendered":"<p><img loading=\"lazy\" class=\"aligncenter wp-image-67813 size-full\" src=\"http:\/\/www.colegiodesafio.net\/home\/wp-content\/uploads\/2018\/10\/03-10-Dan\u00e7a-do-Ventre.jpg\" alt=\"03-10 Dan\u00e7a do Ventre\" width=\"555\" height=\"689\" srcset=\"https:\/\/www.colegiodesafio.net\/home\/wp-content\/uploads\/2018\/10\/03-10-Dan\u00e7a-do-Ventre.jpg 555w, https:\/\/www.colegiodesafio.net\/home\/wp-content\/uploads\/2018\/10\/03-10-Dan\u00e7a-do-Ventre-242x300.jpg 242w, https:\/\/www.colegiodesafio.net\/home\/wp-content\/uploads\/2018\/10\/03-10-Dan\u00e7a-do-Ventre-207x257.jpg 207w\" sizes=\"(max-width: 555px) 100vw, 555px\" \/><\/p>\n","protected":false},"excerpt":{"rendered":"","protected":false},"author":4,"featured_media":44906,"comment_status":"open","ping_status":"open","sticky":false,"template":"","format":"standard","meta":[],"categories":[105,106,107,108,103],"tags":[],"_links":{"self":[{"href":"https:\/\/www.colegiodesafio.net\/home\/wp-json\/wp\/v2\/posts\/67812"}],"collection":[{"href":"https:\/\/www.colegiodesafio.net\/home\/wp-json\/wp\/v2\/posts"}],"about":[{"href":"https:\/\/www.colegiodesafio.net\/home\/wp-json\/wp\/v2\/types\/post"}],"author":[{"embeddable":true,"href":"https:\/\/www.colegiodesafio.net\/home\/wp-json\/wp\/v2\/users\/4"}],"replies":[{"embeddable":true,"href":"https:\/\/www.colegiodesafio.net\/home\/wp-json\/wp\/v2\/comments?post=67812"}],"version-history":[{"count":0,"href":"https:\/\/www.colegiodesafio.net\/home\/wp-json\/wp\/v2\/posts\/67812\/revisions"}],"wp:featuredmedia":[{"embeddable":true,"href":"https:\/\/www.colegiodesafio.net\/home\/wp-json\/wp\/v2\/media\/44906"}],"wp:attachment":[{"href":"https:\/\/www.colegiodesafio.net\/home\/wp-json\/wp\/v2\/media?parent=67812"}],"wp:term":[{"taxonomy":"category","embeddable":true,"href":"https:\/\/www.colegiodesafio.net\/home\/wp-json\/wp\/v2\/categories?post=67812"},{"taxonomy":"post_tag","embeddable":true,"href":"https:\/\/www.colegiodesafio.net\/home\/wp-json\/wp\/v2\/tags?post=67812"}],"curies":[{"name":"wp","href":"https:\/\/api.w.org\/{rel}","templated":true}]}}