{"id":67817,"date":"2018-10-04T17:16:46","date_gmt":"2018-10-04T17:16:46","guid":{"rendered":"http:\/\/www.colegiodesafio.net\/home\/?p=67817"},"modified":"2018-10-04T17:16:46","modified_gmt":"2018-10-04T17:16:46","slug":"programacao-especial-para-a-semana-da-crianca-agrupamentos-ao-5o-ano-do-ensino-fundamental","status":"publish","type":"post","link":"https:\/\/www.colegiodesafio.net\/home\/programacao-especial-para-a-semana-da-crianca-agrupamentos-ao-5o-ano-do-ensino-fundamental\/","title":{"rendered":"Programa\u00e7\u00e3o especial para a semana da crian\u00e7a &#8211; Agrupamentos ao 5\u00ba Ano do Ensino Fundamental"},"content":{"rendered":"<p style=\"text-align: center;\"><span style=\"font-size: 36pt;\"><strong>Matutino<\/strong><\/span><\/p>\n<p><img loading=\"lazy\" class=\"aligncenter wp-image-67818 size-full\" src=\"http:\/\/www.colegiodesafio.net\/home\/wp-content\/uploads\/2018\/10\/04-10-Semana-da-Crian\u00e7a-Mat.jpg\" alt=\"04-10 Semana da Crian\u00e7a Mat\" width=\"600\" height=\"861\" srcset=\"https:\/\/www.colegiodesafio.net\/home\/wp-content\/uploads\/2018\/10\/04-10-Semana-da-Crian\u00e7a-Mat.jpg 600w, https:\/\/www.colegiodesafio.net\/home\/wp-content\/uploads\/2018\/10\/04-10-Semana-da-Crian\u00e7a-Mat-209x300.jpg 209w, https:\/\/www.colegiodesafio.net\/home\/wp-content\/uploads\/2018\/10\/04-10-Semana-da-Crian\u00e7a-Mat-179x257.jpg 179w\" sizes=\"(max-width: 600px) 100vw, 600px\" \/><\/p>\n<p>&nbsp;<\/p>\n<p>&nbsp;<\/p>\n<p style=\"text-align: center;\"><span style=\"font-size: 36pt;\"><strong>Vespertino<\/strong><\/span><\/p>\n<p><img loading=\"lazy\" class=\"aligncenter wp-image-67819 size-full\" src=\"http:\/\/www.colegiodesafio.net\/home\/wp-content\/uploads\/2018\/10\/04-10-Semana-da-Crian\u00e7a-Vesp.jpg\" alt=\"04-10 Semana da Crian\u00e7a Vesp\" width=\"599\" height=\"862\" srcset=\"https:\/\/www.colegiodesafio.net\/home\/wp-content\/uploads\/2018\/10\/04-10-Semana-da-Crian\u00e7a-Vesp.jpg 599w, https:\/\/www.colegiodesafio.net\/home\/wp-content\/uploads\/2018\/10\/04-10-Semana-da-Crian\u00e7a-Vesp-208x300.jpg 208w, https:\/\/www.colegiodesafio.net\/home\/wp-content\/uploads\/2018\/10\/04-10-Semana-da-Crian\u00e7a-Vesp-179x257.jpg 179w\" sizes=\"(max-width: 599px) 100vw, 599px\" \/><\/p>\n<p>&nbsp;<\/p>\n","protected":false},"excerpt":{"rendered":"<p>Matutino &nbsp; &nbsp; Vespertino &nbsp;<\/p>\n","protected":false},"author":4,"featured_media":44899,"comment_status":"open","ping_status":"open","sticky":false,"template":"","format":"standard","meta":[],"categories":[105,103],"tags":[],"_links":{"self":[{"href":"https:\/\/www.colegiodesafio.net\/home\/wp-json\/wp\/v2\/posts\/67817"}],"collection":[{"href":"https:\/\/www.colegiodesafio.net\/home\/wp-json\/wp\/v2\/posts"}],"about":[{"href":"https:\/\/www.colegiodesafio.net\/home\/wp-json\/wp\/v2\/types\/post"}],"author":[{"embeddable":true,"href":"https:\/\/www.colegiodesafio.net\/home\/wp-json\/wp\/v2\/users\/4"}],"replies":[{"embeddable":true,"href":"https:\/\/www.colegiodesafio.net\/home\/wp-json\/wp\/v2\/comments?post=67817"}],"version-history":[{"count":0,"href":"https:\/\/www.colegiodesafio.net\/home\/wp-json\/wp\/v2\/posts\/67817\/revisions"}],"wp:featuredmedia":[{"embeddable":true,"href":"https:\/\/www.colegiodesafio.net\/home\/wp-json\/wp\/v2\/media\/44899"}],"wp:attachment":[{"href":"https:\/\/www.colegiodesafio.net\/home\/wp-json\/wp\/v2\/media?parent=67817"}],"wp:term":[{"taxonomy":"category","embeddable":true,"href":"https:\/\/www.colegiodesafio.net\/home\/wp-json\/wp\/v2\/categories?post=67817"},{"taxonomy":"post_tag","embeddable":true,"href":"https:\/\/www.colegiodesafio.net\/home\/wp-json\/wp\/v2\/tags?post=67817"}],"curies":[{"name":"wp","href":"https:\/\/api.w.org\/{rel}","templated":true}]}}