{"id":71873,"date":"2019-05-29T15:53:27","date_gmt":"2019-05-29T15:53:27","guid":{"rendered":"http:\/\/www.colegiodesafio.net\/home\/?p=71873"},"modified":"2019-05-29T15:53:27","modified_gmt":"2019-05-29T15:53:27","slug":"convite-para-apresentacao-os-musicos-de-bremen-agrupamento-de-04-anos","status":"publish","type":"post","link":"https:\/\/www.colegiodesafio.net\/home\/convite-para-apresentacao-os-musicos-de-bremen-agrupamento-de-04-anos\/","title":{"rendered":"Convite para apresenta\u00e7\u00e3o: &#8220;Os m\u00fasicos de Bremen&#8221; \/ Agrupamento de 04 Anos"},"content":{"rendered":"<p><img loading=\"lazy\" class=\"aligncenter wp-image-71874 size-full\" src=\"http:\/\/www.colegiodesafio.net\/home\/wp-content\/uploads\/2019\/05\/Apresenta\u00e7\u00e3o-os-m\u00fasicos-de-bremem.jpg\" alt=\"Apresenta\u00e7\u00e3o os m\u00fasicos de bremem\" width=\"715\" height=\"752\" srcset=\"https:\/\/www.colegiodesafio.net\/home\/wp-content\/uploads\/2019\/05\/Apresenta\u00e7\u00e3o-os-m\u00fasicos-de-bremem.jpg 715w, https:\/\/www.colegiodesafio.net\/home\/wp-content\/uploads\/2019\/05\/Apresenta\u00e7\u00e3o-os-m\u00fasicos-de-bremem-285x300.jpg 285w, https:\/\/www.colegiodesafio.net\/home\/wp-content\/uploads\/2019\/05\/Apresenta\u00e7\u00e3o-os-m\u00fasicos-de-bremem-244x257.jpg 244w\" sizes=\"(max-width: 715px) 100vw, 715px\" \/><\/p>\n","protected":false},"excerpt":{"rendered":"","protected":false},"author":4,"featured_media":44906,"comment_status":"open","ping_status":"open","sticky":false,"template":"","format":"standard","meta":[],"categories":[105,103],"tags":[],"_links":{"self":[{"href":"https:\/\/www.colegiodesafio.net\/home\/wp-json\/wp\/v2\/posts\/71873"}],"collection":[{"href":"https:\/\/www.colegiodesafio.net\/home\/wp-json\/wp\/v2\/posts"}],"about":[{"href":"https:\/\/www.colegiodesafio.net\/home\/wp-json\/wp\/v2\/types\/post"}],"author":[{"embeddable":true,"href":"https:\/\/www.colegiodesafio.net\/home\/wp-json\/wp\/v2\/users\/4"}],"replies":[{"embeddable":true,"href":"https:\/\/www.colegiodesafio.net\/home\/wp-json\/wp\/v2\/comments?post=71873"}],"version-history":[{"count":0,"href":"https:\/\/www.colegiodesafio.net\/home\/wp-json\/wp\/v2\/posts\/71873\/revisions"}],"wp:featuredmedia":[{"embeddable":true,"href":"https:\/\/www.colegiodesafio.net\/home\/wp-json\/wp\/v2\/media\/44906"}],"wp:attachment":[{"href":"https:\/\/www.colegiodesafio.net\/home\/wp-json\/wp\/v2\/media?parent=71873"}],"wp:term":[{"taxonomy":"category","embeddable":true,"href":"https:\/\/www.colegiodesafio.net\/home\/wp-json\/wp\/v2\/categories?post=71873"},{"taxonomy":"post_tag","embeddable":true,"href":"https:\/\/www.colegiodesafio.net\/home\/wp-json\/wp\/v2\/tags?post=71873"}],"curies":[{"name":"wp","href":"https:\/\/api.w.org\/{rel}","templated":true}]}}